{"id":10516,"date":"2014-09-16T17:13:21","date_gmt":"2014-09-16T20:13:21","guid":{"rendered":"http:\/\/archivosonoro.com.ar\/?p=10516"},"modified":"2014-09-17T07:56:03","modified_gmt":"2014-09-17T10:56:03","slug":"contra","status":"publish","type":"post","link":"https:\/\/archivosonoro.com.ar\/wordpress\/?p=10516","title":{"rendered":"Contra Jaime Gil de Biedma"},"content":{"rendered":"<p>Apertura del programa \u00abGuetap\u00bb -16\/Septiembre- Contra Jaime Gil de Biedma. Conducido por Reynaldo Sietecase en Radio Vorterix.<\/p>\n<p><strong>Contra Jaime Gil de Biedma<\/strong><\/p>\n<p>De qu\u00e9 sirve, quisiera yo saber, cambiar de piso,<br \/>\ndejar atr\u00e1s un s\u00f3tano m\u00e1s negro<br \/>\nque mi reputaci\u00f3n -y ya es decir-,<br \/>\nponer visillos blancos<br \/>\ny tomar criada,<br \/>\nrenunciar a la vida de bohemio,<br \/>\nsi vienes luego t\u00fa, pelmazo,<br \/>\nembarazoso hu\u00e9sped, memo vestido con mis trajes,<br \/>\nz\u00e1ngano de colmena, in\u00fatil, cacaseno,<br \/>\ncon tus manos lavadas,<br \/>\na comer en mi plato y a ensuciar la casa?<\/p>\n<p>Te acompa\u00f1an las barras de los bares<br \/>\n\u00faltimos de la noche, los chulos, las floristas,<br \/>\nlas calles muertas de la madrugada<br \/>\ny los ascensores de luz amarilla<br \/>\ncuando llegas, borracho,<br \/>\ny te paras a verte en el espejo<br \/>\nla cara destruida,<br \/>\ncon ojos todav\u00eda violentos<br \/>\nque no quieres cerrar. Y si te increpo,<br \/>\nte r\u00edes, me recuerdas el pasado<br \/>\ny dices que envejezco.<\/p>\n<p>Podr\u00eda recordarte que ya no tienes gracia.<br \/>\nQue tu estilo casual y que tu desenfado<br \/>\nresultan truculentos<br \/>\ncuando se tienen m\u00e1s de treinta a\u00f1os,<br \/>\ny que tu encantadora<br \/>\nsonrisa de muchacho so\u00f1oliento<br \/>\n-seguro de gustar- es un resto penoso,<br \/>\nun intento pat\u00e9tico.<br \/>\nMientras que t\u00fa me miras con tus ojos<br \/>\nde verdadero hu\u00e9rfano, y me lloras<br \/>\ny me prometes ya no hacerlo.<\/p>\n<p>Si no fueses tan puta!<br \/>\nY si yo supiese, hace ya tiempo,<br \/>\nque t\u00fa eres fuerte cuando yo soy d\u00e9bil<br \/>\ny que eres d\u00e9bil cuando me enfurezco&#8230;<br \/>\nDe tus regresos guardo una impresi\u00f3n confusa<br \/>\nde p\u00e1nico, de pena y descontento,<br \/>\ny la desesperanza<br \/>\ny la impaciencia y el resentimiento<br \/>\nde volver a sufrir, otra vez m\u00e1s,<br \/>\nla humillaci\u00f3n imperdonable<br \/>\nde la excesiva intimidad.<\/p>\n<p>A duras penas te llevar\u00e9 a la cama,<br \/>\ncomo quien va al infierno<br \/>\npara dormir contigo.<br \/>\nMuriendo a cada paso de impotencia,<br \/>\ntropezando con muebles<br \/>\na tientas, cruzaremos el piso<br \/>\ntorpemente abrazados, vacilando<br \/>\nde alcohol y de sollozos reprimidos.<br \/>\nOh innoble servidumbre de amar seres humanos,<br \/>\ny la m\u00e1s innoble<br \/>\nque es amarse a s\u00ed mismo! <\/p>\n<p><iframe loading=\"lazy\" src=\"https:\/\/app.box.com\/embed_widget\/s\/ita6rkjq1tc8vcq99kma?theme=blue\" width=\"500\" height=\"400\" frameborder=\"0\"allowfullscreen webkitallowfullscreen msallowfullscreen><\/iframe><\/p>\n","protected":false},"excerpt":{"rendered":"<p>Apertura del programa \u00abGuetap\u00bb -16\/Septiembre- Contra Jaime Gil de Biedma. Conducido por Reynaldo Sietecase en Radio Vorterix. Contra Jaime Gil de Biedma De qu\u00e9 sirve, quisiera yo saber, cambiar de piso, dejar atr\u00e1s un s\u00f3tano m\u00e1s negro que mi reputaci\u00f3n -y ya es decir-, poner visillos blancos y tomar criada, renunciar a la vida de [&hellip;]<\/p>\n","protected":false},"author":7,"featured_media":0,"comment_status":"open","ping_status":"open","sticky":false,"template":"","format":"standard","meta":{"footnotes":""},"categories":[665],"tags":[2456,2364,2457],"class_list":["post-10516","post","type-post","status-publish","format-standard","hentry","category-vorterix","tag-biedma","tag-guetap","tag-setecase"],"_links":{"self":[{"href":"https:\/\/archivosonoro.com.ar\/wordpress\/index.php?rest_route=\/wp\/v2\/posts\/10516","targetHints":{"allow":["GET"]}}],"collection":[{"href":"https:\/\/archivosonoro.com.ar\/wordpress\/index.php?rest_route=\/wp\/v2\/posts"}],"about":[{"href":"https:\/\/archivosonoro.com.ar\/wordpress\/index.php?rest_route=\/wp\/v2\/types\/post"}],"author":[{"embeddable":true,"href":"https:\/\/archivosonoro.com.ar\/wordpress\/index.php?rest_route=\/wp\/v2\/users\/7"}],"replies":[{"embeddable":true,"href":"https:\/\/archivosonoro.com.ar\/wordpress\/index.php?rest_route=%2Fwp%2Fv2%2Fcomments&post=10516"}],"version-history":[{"count":5,"href":"https:\/\/archivosonoro.com.ar\/wordpress\/index.php?rest_route=\/wp\/v2\/posts\/10516\/revisions"}],"predecessor-version":[{"id":10530,"href":"https:\/\/archivosonoro.com.ar\/wordpress\/index.php?rest_route=\/wp\/v2\/posts\/10516\/revisions\/10530"}],"wp:attachment":[{"href":"https:\/\/archivosonoro.com.ar\/wordpress\/index.php?rest_route=%2Fwp%2Fv2%2Fmedia&parent=10516"}],"wp:term":[{"taxonomy":"category","embeddable":true,"href":"https:\/\/archivosonoro.com.ar\/wordpress\/index.php?rest_route=%2Fwp%2Fv2%2Fcategories&post=10516"},{"taxonomy":"post_tag","embeddable":true,"href":"https:\/\/archivosonoro.com.ar\/wordpress\/index.php?rest_route=%2Fwp%2Fv2%2Ftags&post=10516"}],"curies":[{"name":"wp","href":"https:\/\/api.w.org\/{rel}","templated":true}]}}