{"id":10511,"date":"2014-09-11T15:00:29","date_gmt":"2014-09-11T18:00:29","guid":{"rendered":"http:\/\/archivosonoro.com.ar\/?p=10511"},"modified":"2014-09-11T15:00:29","modified_gmt":"2014-09-11T18:00:29","slug":"carlos-lepori-gerente-del-banco-nacion-rg-se-refirio-al-plan-pro-cre-auto","status":"publish","type":"post","link":"https:\/\/archivosonoro.com.ar\/wordpress\/?p=10511","title":{"rendered":"Carlos L\u00e9pori, Gerente del Banco Naci\u00f3n RG se refir\u00edo al Plan PRO.CRE.AUTO"},"content":{"rendered":"<p>Entrevistado en FM Atl\u00e1ntica de la Ciudad de R\u00edo Grande el Gerente del Banco Naci\u00f3n R\u00edo Grande expres\u00f3: \u00abGastamos plata en cosas que no nos sirven para mostr\u00e1rselas a gente que no nos tiene en cuenta\u00bb<\/p>\n<p><iframe loading=\"lazy\" src=\"https:\/\/app.box.com\/embed_widget\/s\/98r1xet8n527c1pqgcqk?theme=blue\" width=\"500\" height=\"400\" frameborder=\"0\"allowfullscreen webkitallowfullscreen msallowfullscreen><\/iframe><\/p>\n","protected":false},"excerpt":{"rendered":"<p>Entrevistado en FM Atl\u00e1ntica de la Ciudad de R\u00edo Grande el Gerente del Banco Naci\u00f3n R\u00edo Grande expres\u00f3: \u00abGastamos plata en cosas que no nos sirven para mostr\u00e1rselas a gente que no nos tiene en cuenta\u00bb<\/p>\n","protected":false},"author":7,"featured_media":0,"comment_status":"open","ping_status":"open","sticky":false,"template":"","format":"standard","meta":{"footnotes":""},"categories":[2411],"tags":[2455,2454],"class_list":["post-10511","post","type-post","status-publish","format-standard","hentry","category-fmatlantica","tag-lepori","tag-pro-cre-auto"],"_links":{"self":[{"href":"https:\/\/archivosonoro.com.ar\/wordpress\/index.php?rest_route=\/wp\/v2\/posts\/10511","targetHints":{"allow":["GET"]}}],"collection":[{"href":"https:\/\/archivosonoro.com.ar\/wordpress\/index.php?rest_route=\/wp\/v2\/posts"}],"about":[{"href":"https:\/\/archivosonoro.com.ar\/wordpress\/index.php?rest_route=\/wp\/v2\/types\/post"}],"author":[{"embeddable":true,"href":"https:\/\/archivosonoro.com.ar\/wordpress\/index.php?rest_route=\/wp\/v2\/users\/7"}],"replies":[{"embeddable":true,"href":"https:\/\/archivosonoro.com.ar\/wordpress\/index.php?rest_route=%2Fwp%2Fv2%2Fcomments&post=10511"}],"version-history":[{"count":1,"href":"https:\/\/archivosonoro.com.ar\/wordpress\/index.php?rest_route=\/wp\/v2\/posts\/10511\/revisions"}],"predecessor-version":[{"id":10512,"href":"https:\/\/archivosonoro.com.ar\/wordpress\/index.php?rest_route=\/wp\/v2\/posts\/10511\/revisions\/10512"}],"wp:attachment":[{"href":"https:\/\/archivosonoro.com.ar\/wordpress\/index.php?rest_route=%2Fwp%2Fv2%2Fmedia&parent=10511"}],"wp:term":[{"taxonomy":"category","embeddable":true,"href":"https:\/\/archivosonoro.com.ar\/wordpress\/index.php?rest_route=%2Fwp%2Fv2%2Fcategories&post=10511"},{"taxonomy":"post_tag","embeddable":true,"href":"https:\/\/archivosonoro.com.ar\/wordpress\/index.php?rest_route=%2Fwp%2Fv2%2Ftags&post=10511"}],"curies":[{"name":"wp","href":"https:\/\/api.w.org\/{rel}","templated":true}]}}