{"id":10429,"date":"2014-09-01T07:58:41","date_gmt":"2014-09-01T10:58:41","guid":{"rendered":"http:\/\/archivosonoro.com.ar\/?p=10429"},"modified":"2014-09-01T07:58:41","modified_gmt":"2014-09-01T10:58:41","slug":"poemas-de-fabian-casas","status":"publish","type":"post","link":"https:\/\/archivosonoro.com.ar\/wordpress\/?p=10429","title":{"rendered":"Po\u00e9mas de Fabi\u00e1n Casas"},"content":{"rendered":"<p>Apertura del programa \u00abGuetap\u00bb -01\/Septiembre- con Fabi\u00e1n Casas. Conducido por Reynaldo Sietecase en Radio Vorterix.<\/p>\n<p><strong>Una oportunidad <\/strong><\/p>\n<p>Camin\u00e1s con las manos en los bolsillos,<br \/>\npor la rambla, rodeando el mar.<br \/>\nTe acord\u00e1s de otro tiempo, aqu\u00ed mismo,<br \/>\nestabas enfermo de la cabeza<br \/>\ny no pod\u00edas sostenerte de pie,<br \/>\ncon elegancia. Sin embargo,<br \/>\npudiste salir.<br \/>\nHubo una oportunidad en aquella \u00e9poca.<br \/>\nAhora mir\u00e1s el mar, pero no dec\u00eds nada.<br \/>\nYa se han dicho muchas cosas<br \/>\nsobre ese mont\u00f3n de agua. <\/p>\n<p><strong>Sin llaves y a oscuras<\/strong><\/p>\n<p>Era uno de esos d\u00edas en que todo sale bien.<br \/>\nHab\u00eda limpiado la casa y escrito<br \/>\ndos o tres poemas que me gustaban.<br \/>\nNo ped\u00eda m\u00e1s. <\/p>\n<p>Entonces sal\u00ed al pasillo para tirar la basura<br \/>\ny detr\u00e1s de m\u00ed, por una correntada,<br \/>\nla puerta se cerr\u00f3.<br \/>\nQued\u00e9 sin llaves y a oscuras<br \/>\nsintiendo las voces de mis vecinos<br \/>\na trav\u00e9s de sus puertas.<br \/>\nEs transitorio, me dije;<br \/>\npero as\u00ed tambi\u00e9n podr\u00eda ser la muerte:<br \/>\nun pasillo oscuro,<br \/>\nuna puerta cerrada con la llave adentro<br \/>\nla basura en la mano.<\/p>\n<p><iframe loading=\"lazy\" src=\"https:\/\/app.box.com\/embed_widget\/s\/3rf9cwihq9w8q8fabhey?theme=blue\" width=\"500\" height=\"400\" frameborder=\"0\"allowfullscreen webkitallowfullscreen msallowfullscreen><\/iframe><\/p>\n","protected":false},"excerpt":{"rendered":"<p>Apertura del programa \u00abGuetap\u00bb -01\/Septiembre- con Fabi\u00e1n Casas. Conducido por Reynaldo Sietecase en Radio Vorterix. Una oportunidad Camin\u00e1s con las manos en los bolsillos, por la rambla, rodeando el mar. Te acord\u00e1s de otro tiempo, aqu\u00ed mismo, estabas enfermo de la cabeza y no pod\u00edas sostenerte de pie, con elegancia. Sin embargo, pudiste salir. Hubo [&hellip;]<\/p>\n","protected":false},"author":7,"featured_media":0,"comment_status":"open","ping_status":"open","sticky":false,"template":"","format":"standard","meta":{"footnotes":""},"categories":[665],"tags":[2449,2364,919],"class_list":["post-10429","post","type-post","status-publish","format-standard","hentry","category-vorterix","tag-casas","tag-guetap","tag-sietecase"],"_links":{"self":[{"href":"https:\/\/archivosonoro.com.ar\/wordpress\/index.php?rest_route=\/wp\/v2\/posts\/10429","targetHints":{"allow":["GET"]}}],"collection":[{"href":"https:\/\/archivosonoro.com.ar\/wordpress\/index.php?rest_route=\/wp\/v2\/posts"}],"about":[{"href":"https:\/\/archivosonoro.com.ar\/wordpress\/index.php?rest_route=\/wp\/v2\/types\/post"}],"author":[{"embeddable":true,"href":"https:\/\/archivosonoro.com.ar\/wordpress\/index.php?rest_route=\/wp\/v2\/users\/7"}],"replies":[{"embeddable":true,"href":"https:\/\/archivosonoro.com.ar\/wordpress\/index.php?rest_route=%2Fwp%2Fv2%2Fcomments&post=10429"}],"version-history":[{"count":1,"href":"https:\/\/archivosonoro.com.ar\/wordpress\/index.php?rest_route=\/wp\/v2\/posts\/10429\/revisions"}],"predecessor-version":[{"id":10430,"href":"https:\/\/archivosonoro.com.ar\/wordpress\/index.php?rest_route=\/wp\/v2\/posts\/10429\/revisions\/10430"}],"wp:attachment":[{"href":"https:\/\/archivosonoro.com.ar\/wordpress\/index.php?rest_route=%2Fwp%2Fv2%2Fmedia&parent=10429"}],"wp:term":[{"taxonomy":"category","embeddable":true,"href":"https:\/\/archivosonoro.com.ar\/wordpress\/index.php?rest_route=%2Fwp%2Fv2%2Fcategories&post=10429"},{"taxonomy":"post_tag","embeddable":true,"href":"https:\/\/archivosonoro.com.ar\/wordpress\/index.php?rest_route=%2Fwp%2Fv2%2Ftags&post=10429"}],"curies":[{"name":"wp","href":"https:\/\/api.w.org\/{rel}","templated":true}]}}