{"id":10301,"date":"2014-08-06T08:19:57","date_gmt":"2014-08-06T11:19:57","guid":{"rendered":"http:\/\/archivosonoro.com.ar\/?p=10301"},"modified":"2014-08-06T08:19:57","modified_gmt":"2014-08-06T11:19:57","slug":"cielo-blanco","status":"publish","type":"post","link":"https:\/\/archivosonoro.com.ar\/wordpress\/?p=10301","title":{"rendered":"Cielo Blanco"},"content":{"rendered":"<p>Apertura del programa \u00abGuetap\u00bb -06\/Agosto- con Hamlet Lima Quintana. Conducido por Reynaldo Sietecase en Radio Vorterix.<\/p>\n<p><strong>Cielo blanco<\/strong><\/p>\n<p>No veo el cielo madre, s\u00f3lo un pa\u00f1uelo blanco<br \/>\nno s\u00e9 si aquella noche yo te estaba pensando<br \/>\no si un perfil de sombras me acunaba en sus brazos<br \/>\npero entr\u00e9 en otra historia con el cielo cambiado.   <\/p>\n<p>No me duele la carne que se fue desgarrando<br \/>\nme duele haber perdido las alas de mi canto<br \/>\nlas posibilidades de estar en el milagro<br \/>\ny recoger las flores que caen de tu llanto.   <\/p>\n<p>No quiero que me llores, m\u00edrame a tu costado<br \/>\nmi sangre est\u00e1 en la sangre de un pueblo castigado<br \/>\nmi voz est\u00e1 en las voces de los \u00abiluminados\u00bb<br \/>\nque caminan contigo por la ronda de Mayo.   <\/p>\n<p>No quiero que me llores ahora que te hablo<br \/>\nmi coraz\u00f3n te crece cuando extiendes las manos<br \/>\ny acaricias las cosas que siempre hemos amado<br \/>\nla libertad y el alma de todos los hermanos. <\/p>\n<p>No s\u00e9 si aquella noche amanec\u00ed llorando<br \/>\no si alguna paloma se me muri\u00f3 de espanto<br \/>\nla vida que ha esperado tanto<br \/>\nes el cielo que crece sobre tu pa\u00f1uelo blanco.   <\/p>\n<p>No quiero que me llores, m\u00edrame a tu costado<br \/>\nmi sangre est\u00e1 en la sangre de un pueblo castigado<br \/>\nmi voz est\u00e1 en las voces de los \u00abiluminados\u00bb<br \/>\nque caminan contigo por la ronda de Mayo.<\/p>\n<p><iframe loading=\"lazy\" src=\"https:\/\/app.box.com\/embed_widget\/s\/jdkxxh8z7ctclk636uyy?theme=blue\" width=\"500\" height=\"400\" frameborder=\"0\"allowfullscreen webkitallowfullscreen msallowfullscreen><\/iframe><\/p>\n","protected":false},"excerpt":{"rendered":"<p>Apertura del programa \u00abGuetap\u00bb -06\/Agosto- con Hamlet Lima Quintana. Conducido por Reynaldo Sietecase en Radio Vorterix. Cielo blanco No veo el cielo madre, s\u00f3lo un pa\u00f1uelo blanco no s\u00e9 si aquella noche yo te estaba pensando o si un perfil de sombras me acunaba en sus brazos pero entr\u00e9 en otra historia con el cielo [&hellip;]<\/p>\n","protected":false},"author":7,"featured_media":0,"comment_status":"open","ping_status":"open","sticky":false,"template":"","format":"standard","meta":{"footnotes":""},"categories":[665],"tags":[2364,2440,919],"class_list":["post-10301","post","type-post","status-publish","format-standard","hentry","category-vorterix","tag-guetap","tag-hamlet","tag-sietecase"],"_links":{"self":[{"href":"https:\/\/archivosonoro.com.ar\/wordpress\/index.php?rest_route=\/wp\/v2\/posts\/10301","targetHints":{"allow":["GET"]}}],"collection":[{"href":"https:\/\/archivosonoro.com.ar\/wordpress\/index.php?rest_route=\/wp\/v2\/posts"}],"about":[{"href":"https:\/\/archivosonoro.com.ar\/wordpress\/index.php?rest_route=\/wp\/v2\/types\/post"}],"author":[{"embeddable":true,"href":"https:\/\/archivosonoro.com.ar\/wordpress\/index.php?rest_route=\/wp\/v2\/users\/7"}],"replies":[{"embeddable":true,"href":"https:\/\/archivosonoro.com.ar\/wordpress\/index.php?rest_route=%2Fwp%2Fv2%2Fcomments&post=10301"}],"version-history":[{"count":1,"href":"https:\/\/archivosonoro.com.ar\/wordpress\/index.php?rest_route=\/wp\/v2\/posts\/10301\/revisions"}],"predecessor-version":[{"id":10302,"href":"https:\/\/archivosonoro.com.ar\/wordpress\/index.php?rest_route=\/wp\/v2\/posts\/10301\/revisions\/10302"}],"wp:attachment":[{"href":"https:\/\/archivosonoro.com.ar\/wordpress\/index.php?rest_route=%2Fwp%2Fv2%2Fmedia&parent=10301"}],"wp:term":[{"taxonomy":"category","embeddable":true,"href":"https:\/\/archivosonoro.com.ar\/wordpress\/index.php?rest_route=%2Fwp%2Fv2%2Fcategories&post=10301"},{"taxonomy":"post_tag","embeddable":true,"href":"https:\/\/archivosonoro.com.ar\/wordpress\/index.php?rest_route=%2Fwp%2Fv2%2Ftags&post=10301"}],"curies":[{"name":"wp","href":"https:\/\/api.w.org\/{rel}","templated":true}]}}