{"id":10230,"date":"2014-07-28T08:29:24","date_gmt":"2014-07-28T11:29:24","guid":{"rendered":"http:\/\/archivosonoro.com.ar\/?p=10230"},"modified":"2014-07-28T10:24:07","modified_gmt":"2014-07-28T13:24:07","slug":"dos-preguntan-el-programa-que-se-emite-los-sabados-por-fm-la-tecno-2","status":"publish","type":"post","link":"https:\/\/archivosonoro.com.ar\/wordpress\/?p=10230","title":{"rendered":"Dos preguntan, el programa que se emite los s\u00e1bados por FM La Tecno"},"content":{"rendered":"<p>Ponemos a disposici\u00f3n el programa del s\u00e1bado 26 de julio.<\/p>\n<p><strong>Apertura del programa, los temas que se abordar\u00e1n. Editorial.<\/strong><br \/>\n<iframe loading=\"lazy\" src=\"https:\/\/app.box.com\/embed_widget\/s\/2e06h14don28cyvxndwg?theme=blue\" width=\"500\" height=\"400\" frameborder=\"0\"allowfullscreen webkitallowfullscreen msallowfullscreen><\/iframe><\/p>\n<p><strong>Centuri\u00f3n A, Propietario P23.<\/strong> Reproduce y comenta nota a Fregosini, Tolhuin.<br \/>\nEl audio haciendo <a href=\"https:\/\/app.box.com\/s\/obzcyez9zos8d33trats\" target=\"_blank\">click aqu\u00ed<\/a>.<\/p>\n<p><strong>Castillo G, Sec asuntos sociales R.Grande<\/strong><br \/>\nEl audio haciendo <a href=\"https:\/\/app.box.com\/s\/k0duwt0pz3rty30vyfrq\" target=\"_blank\">click aqu\u00ed<\/a>.<\/p>\n","protected":false},"excerpt":{"rendered":"<p>Ponemos a disposici\u00f3n el programa del s\u00e1bado 26 de julio. Apertura del programa, los temas que se abordar\u00e1n. Editorial. Centuri\u00f3n A, Propietario P23. Reproduce y comenta nota a Fregosini, Tolhuin. El audio haciendo click aqu\u00ed. Castillo G, Sec asuntos sociales R.Grande El audio haciendo click aqu\u00ed.<\/p>\n","protected":false},"author":7,"featured_media":0,"comment_status":"open","ping_status":"open","sticky":false,"template":"","format":"standard","meta":{"footnotes":""},"categories":[2366],"tags":[2438,779,2437],"class_list":["post-10230","post","type-post","status-publish","format-standard","hentry","category-fmlatecno","tag-castiillo","tag-centurion","tag-fregosini"],"_links":{"self":[{"href":"https:\/\/archivosonoro.com.ar\/wordpress\/index.php?rest_route=\/wp\/v2\/posts\/10230","targetHints":{"allow":["GET"]}}],"collection":[{"href":"https:\/\/archivosonoro.com.ar\/wordpress\/index.php?rest_route=\/wp\/v2\/posts"}],"about":[{"href":"https:\/\/archivosonoro.com.ar\/wordpress\/index.php?rest_route=\/wp\/v2\/types\/post"}],"author":[{"embeddable":true,"href":"https:\/\/archivosonoro.com.ar\/wordpress\/index.php?rest_route=\/wp\/v2\/users\/7"}],"replies":[{"embeddable":true,"href":"https:\/\/archivosonoro.com.ar\/wordpress\/index.php?rest_route=%2Fwp%2Fv2%2Fcomments&post=10230"}],"version-history":[{"count":1,"href":"https:\/\/archivosonoro.com.ar\/wordpress\/index.php?rest_route=\/wp\/v2\/posts\/10230\/revisions"}],"predecessor-version":[{"id":10231,"href":"https:\/\/archivosonoro.com.ar\/wordpress\/index.php?rest_route=\/wp\/v2\/posts\/10230\/revisions\/10231"}],"wp:attachment":[{"href":"https:\/\/archivosonoro.com.ar\/wordpress\/index.php?rest_route=%2Fwp%2Fv2%2Fmedia&parent=10230"}],"wp:term":[{"taxonomy":"category","embeddable":true,"href":"https:\/\/archivosonoro.com.ar\/wordpress\/index.php?rest_route=%2Fwp%2Fv2%2Fcategories&post=10230"},{"taxonomy":"post_tag","embeddable":true,"href":"https:\/\/archivosonoro.com.ar\/wordpress\/index.php?rest_route=%2Fwp%2Fv2%2Ftags&post=10230"}],"curies":[{"name":"wp","href":"https:\/\/api.w.org\/{rel}","templated":true}]}}