{"id":10204,"date":"2014-07-25T10:06:53","date_gmt":"2014-07-25T13:06:53","guid":{"rendered":"http:\/\/archivosonoro.com.ar\/?p=10204"},"modified":"2014-07-25T10:06:53","modified_gmt":"2014-07-25T13:06:53","slug":"1964","status":"publish","type":"post","link":"https:\/\/archivosonoro.com.ar\/wordpress\/?p=10204","title":{"rendered":"1964"},"content":{"rendered":"<p>Apertura del programa \u00abGuetap\u00bb -25\/Julio- con Jorge Luis Borges. Conducido por Reynaldo Sietecase en Radio Vorterix.<\/p>\n<p><strong>1964<\/strong><\/p>\n<p>Ya no es m\u00e1gico el mundo. Te han dejado.<br \/>\nYa no compartir\u00e1s la clara luna<br \/>\nni los lentos jardines. Ya no hay una<br \/>\nluna que no sea espejo del pasado, <\/p>\n<p>cristal de soledad, sol de agon\u00edas.<br \/>\nAdi\u00f3s las mutuas manos y las sienes<br \/>\nque acercaba el amor. Hoy s\u00f3lo tienes<br \/>\nla fiel memoria y los desiertos d\u00edas. <\/p>\n<p>Nadie pierde (repites vanamente)<br \/>\nsino lo que no tiene y no ha tenido<br \/>\nnunca, pero no basta ser valiente <\/p>\n<p>para aprender el arte del olvido.<br \/>\nUn s\u00edmbolo, una rosa, te desgarra<br \/>\ny te puede matar una guitarra. <\/p>\n<p>II <\/p>\n<p>Ya no ser\u00e9 feliz. Tal vez no importa.<br \/>\nHay tantas otras cosas en el mundo;<br \/>\nun instante cualquiera es m\u00e1s profundo<br \/>\ny diverso que el mar. La vida es corta <\/p>\n<p>y aunque las horas son tan largas, una<br \/>\noscura maravilla nos acecha,<br \/>\nla muerte, ese otro mar, esa otra flecha<br \/>\nque nos libra del sol y de la luna <\/p>\n<p>y del amor. La dicha que me diste<br \/>\ny me quitaste debe ser borrada;<br \/>\nlo que era todo tiene que ser nada. <\/p>\n<p>S\u00f3lo que me queda el goce de estar triste,<br \/>\nesa vana costumbre que me inclina<br \/>\nal Sur, a cierta puerta, a cierta esquina.<\/p>\n<p><iframe loading=\"lazy\" src=\"https:\/\/app.box.com\/embed_widget\/s\/jjyfvgyq3837t97ii0vk?theme=blue\" width=\"500\" height=\"400\" frameborder=\"0\"allowfullscreen webkitallowfullscreen msallowfullscreen><\/iframe><\/p>\n","protected":false},"excerpt":{"rendered":"<p>Apertura del programa \u00abGuetap\u00bb -25\/Julio- con Jorge Luis Borges. Conducido por Reynaldo Sietecase en Radio Vorterix. 1964 Ya no es m\u00e1gico el mundo. Te han dejado. Ya no compartir\u00e1s la clara luna ni los lentos jardines. Ya no hay una luna que no sea espejo del pasado, cristal de soledad, sol de agon\u00edas. Adi\u00f3s las [&hellip;]<\/p>\n","protected":false},"author":7,"featured_media":0,"comment_status":"open","ping_status":"open","sticky":false,"template":"","format":"standard","meta":{"footnotes":""},"categories":[665],"tags":[2388,2364,919],"class_list":["post-10204","post","type-post","status-publish","format-standard","hentry","category-vorterix","tag-borges","tag-guetap","tag-sietecase"],"_links":{"self":[{"href":"https:\/\/archivosonoro.com.ar\/wordpress\/index.php?rest_route=\/wp\/v2\/posts\/10204","targetHints":{"allow":["GET"]}}],"collection":[{"href":"https:\/\/archivosonoro.com.ar\/wordpress\/index.php?rest_route=\/wp\/v2\/posts"}],"about":[{"href":"https:\/\/archivosonoro.com.ar\/wordpress\/index.php?rest_route=\/wp\/v2\/types\/post"}],"author":[{"embeddable":true,"href":"https:\/\/archivosonoro.com.ar\/wordpress\/index.php?rest_route=\/wp\/v2\/users\/7"}],"replies":[{"embeddable":true,"href":"https:\/\/archivosonoro.com.ar\/wordpress\/index.php?rest_route=%2Fwp%2Fv2%2Fcomments&post=10204"}],"version-history":[{"count":1,"href":"https:\/\/archivosonoro.com.ar\/wordpress\/index.php?rest_route=\/wp\/v2\/posts\/10204\/revisions"}],"predecessor-version":[{"id":10205,"href":"https:\/\/archivosonoro.com.ar\/wordpress\/index.php?rest_route=\/wp\/v2\/posts\/10204\/revisions\/10205"}],"wp:attachment":[{"href":"https:\/\/archivosonoro.com.ar\/wordpress\/index.php?rest_route=%2Fwp%2Fv2%2Fmedia&parent=10204"}],"wp:term":[{"taxonomy":"category","embeddable":true,"href":"https:\/\/archivosonoro.com.ar\/wordpress\/index.php?rest_route=%2Fwp%2Fv2%2Fcategories&post=10204"},{"taxonomy":"post_tag","embeddable":true,"href":"https:\/\/archivosonoro.com.ar\/wordpress\/index.php?rest_route=%2Fwp%2Fv2%2Ftags&post=10204"}],"curies":[{"name":"wp","href":"https:\/\/api.w.org\/{rel}","templated":true}]}}