{"id":10196,"date":"2014-07-24T10:29:06","date_gmt":"2014-07-24T13:29:06","guid":{"rendered":"http:\/\/archivosonoro.com.ar\/?p=10196"},"modified":"2014-07-24T10:29:06","modified_gmt":"2014-07-24T13:29:06","slug":"la-poesia-es-un-arma-cargada-de-futuro","status":"publish","type":"post","link":"https:\/\/archivosonoro.com.ar\/wordpress\/?p=10196","title":{"rendered":"La poes\u00eda es un arma cargada de futuro"},"content":{"rendered":"<p>Apertura del programa \u00abGuetap\u00bb -24\/Julio- con Gabriel Celaya. Conducido por Reynaldo Sietecase en Radio Vorterix.<\/p>\n<p><strong>La poes\u00eda es un arma cargada de futuro<\/strong><\/p>\n<p>Cuando ya nada se espera personalmente exaltante,<br \/>\nmas se palpita y se sigue m\u00e1s ac\u00e1 de la conciencia,<br \/>\nfieramente existiendo, ciegamente afirmando,<br \/>\ncomo un pulso que golpea las tinieblas,<\/p>\n<p>cuando se miran de frente<br \/>\nlos vertiginosos ojos claros de la muerte,<br \/>\nse dicen las verdades:<br \/>\nlas b\u00e1rbaras, terribles, amorosas crueldades.<\/p>\n<p>Se dicen los poemas<br \/>\nque ensanchan los pulmones de cuantos, asfixiados,<br \/>\npiden ser, piden ritmo,<br \/>\npiden ley para aquello que sienten excesivo.<\/p>\n<p>Con la velocidad del instinto,<br \/>\ncon el rayo del prodigio,<br \/>\ncomo m\u00e1gica evidencia, lo real se nos convierte<br \/>\nen lo id\u00e9ntico a s\u00ed mismo.<\/p>\n<p>Poes\u00eda para el pobre, poes\u00eda necesaria<br \/>\ncomo el pan de cada d\u00eda,<br \/>\ncomo el aire que exigimos trece veces por minuto,<br \/>\npara ser y en tanto somos dar un s\u00ed que glorifica.<\/p>\n<p>Porque vivimos a golpes, porque a penas si nos dejan<br \/>\ndecir que somos quien somos,<br \/>\nnuestros cantares no pueden ser sin pecado un adorno.<br \/>\nEstamos tocando el fondo.<\/p>\n<p>Maldigo la poes\u00eda concebida como un lujo<br \/>\ncultural por los neutrales<br \/>\nque, lav\u00e1ndose las manos, se desentienden y evaden.<br \/>\nMaldigo la poes\u00eda de quien no toma partido hasta mancharse.<br \/>\nHago m\u00edas las faltas. Siento en m\u00ed a cuantos sufren<br \/>\ny canto respirando.<br \/>\nCanto, y canto, y cantando m\u00e1s all\u00e1 de mis penas<br \/>\npersonales, me ensancho.<\/p>\n<p>Quisiera daros vida, provocar nuevos actos,<br \/>\ny calculo por eso con t\u00e9cnica, qu\u00e9 puedo.<br \/>\nMe siento un ingeniero del verso y un obrero<br \/>\nque trabaja con otros a Espa\u00f1a en sus aceros.<\/p>\n<p>Tal es mi poes\u00eda: poes\u00eda-herramienta<br \/>\na la vez que latido de lo un\u00e1nime y ciego.<br \/>\nTal es, arma cargada de futuro expansivo<br \/>\ncon que te apunto al pecho.<\/p>\n<p>No es una poes\u00eda gota a gota pensada.<br \/>\nNo es un bello producto. No es un fruto perfecto.<br \/>\nEs algo como el aire que todos respiramos<br \/>\ny es el canto que espacia cuanto dentro llevamos.<\/p>\n<p>Son palabras que todos repetimos sintiendo<br \/>\ncomo nuestras, y vuelan. Son m\u00e1s que lo mentado.<br \/>\nSon lo m\u00e1s necesario: lo que no tiene nombre.<br \/>\nSon gritos en el cielo, y en la tierra, son actos.<\/p>\n<p><iframe loading=\"lazy\" src=\"https:\/\/app.box.com\/embed_widget\/s\/7hmrqfh0mkwqxqxfp7b8?theme=blue\" width=\"500\" height=\"400\" frameborder=\"0\"allowfullscreen webkitallowfullscreen msallowfullscreen><\/iframe><\/p>\n","protected":false},"excerpt":{"rendered":"<p>Apertura del programa \u00abGuetap\u00bb -24\/Julio- con Gabriel Celaya. Conducido por Reynaldo Sietecase en Radio Vorterix. La poes\u00eda es un arma cargada de futuro Cuando ya nada se espera personalmente exaltante, mas se palpita y se sigue m\u00e1s ac\u00e1 de la conciencia, fieramente existiendo, ciegamente afirmando, como un pulso que golpea las tinieblas, cuando se miran [&hellip;]<\/p>\n","protected":false},"author":7,"featured_media":0,"comment_status":"open","ping_status":"open","sticky":false,"template":"","format":"standard","meta":{"footnotes":""},"categories":[665],"tags":[2432,2364,919],"class_list":["post-10196","post","type-post","status-publish","format-standard","hentry","category-vorterix","tag-celaya","tag-guetap","tag-sietecase"],"_links":{"self":[{"href":"https:\/\/archivosonoro.com.ar\/wordpress\/index.php?rest_route=\/wp\/v2\/posts\/10196","targetHints":{"allow":["GET"]}}],"collection":[{"href":"https:\/\/archivosonoro.com.ar\/wordpress\/index.php?rest_route=\/wp\/v2\/posts"}],"about":[{"href":"https:\/\/archivosonoro.com.ar\/wordpress\/index.php?rest_route=\/wp\/v2\/types\/post"}],"author":[{"embeddable":true,"href":"https:\/\/archivosonoro.com.ar\/wordpress\/index.php?rest_route=\/wp\/v2\/users\/7"}],"replies":[{"embeddable":true,"href":"https:\/\/archivosonoro.com.ar\/wordpress\/index.php?rest_route=%2Fwp%2Fv2%2Fcomments&post=10196"}],"version-history":[{"count":2,"href":"https:\/\/archivosonoro.com.ar\/wordpress\/index.php?rest_route=\/wp\/v2\/posts\/10196\/revisions"}],"predecessor-version":[{"id":10200,"href":"https:\/\/archivosonoro.com.ar\/wordpress\/index.php?rest_route=\/wp\/v2\/posts\/10196\/revisions\/10200"}],"wp:attachment":[{"href":"https:\/\/archivosonoro.com.ar\/wordpress\/index.php?rest_route=%2Fwp%2Fv2%2Fmedia&parent=10196"}],"wp:term":[{"taxonomy":"category","embeddable":true,"href":"https:\/\/archivosonoro.com.ar\/wordpress\/index.php?rest_route=%2Fwp%2Fv2%2Fcategories&post=10196"},{"taxonomy":"post_tag","embeddable":true,"href":"https:\/\/archivosonoro.com.ar\/wordpress\/index.php?rest_route=%2Fwp%2Fv2%2Ftags&post=10196"}],"curies":[{"name":"wp","href":"https:\/\/api.w.org\/{rel}","templated":true}]}}