{"id":10153,"date":"2014-07-17T09:08:20","date_gmt":"2014-07-17T12:08:20","guid":{"rendered":"http:\/\/archivosonoro.com.ar\/?p=10153"},"modified":"2014-07-17T09:08:20","modified_gmt":"2014-07-17T12:08:20","slug":"gotan-de-juan-gelman","status":"publish","type":"post","link":"https:\/\/archivosonoro.com.ar\/wordpress\/?p=10153","title":{"rendered":"\u00abGotan\u00bb de Juan Gelman"},"content":{"rendered":"<p>Apertura del programa \u00abGuetap\u00bb -17\/Julio- con Juan Gelman. Conducido por Reynaldo Sietecase en Radio Vorterix.<\/p>\n<p><strong>Gotan<\/strong><\/p>\n<p>Esa mujer se parec\u00eda a la palabra nunca,<br \/>\ndesde la nuca le sub\u00eda un encanto particular,<br \/>\nuna especie de olvido donde guardar los ojos,<br \/>\nesa mujer se me instalaba en el costado izquierdo.<\/p>\n<p>Atenci\u00f3n atenci\u00f3n yo gritaba atenci\u00f3n<br \/>\npero ella invad\u00eda como el amor, como la noche,<br \/>\nlas \u00faltimas se\u00f1ales que hice para el oto\u00f1o<br \/>\nse acostaron tranquilas bajo el oleaje de sus<br \/>\nmanos.<\/p>\n<p>Dentro de m\u00ed estallaron ruidos secos,<br \/>\nca\u00edan a pedazos la furia, la tristeza,<br \/>\nla se\u00f1ora llov\u00eda dulcemente<br \/>\nsobre mis huesos parados en la soledad.<\/p>\n<p>Cuando se fue yo tiritaba como un condenado,<br \/>\ncon un cuchillo brusco me mat\u00e9,<br \/>\nvoy a pasar toda la muerte tendido con su nombre,<br \/>\n\u00e9l mover\u00e1 mi boca por la \u00faltima vez.<\/p>\n<p><iframe loading=\"lazy\" src=\"https:\/\/app.box.com\/embed_widget\/s\/1ij7v7ipfzg7dk0geotu?theme=blue\" width=\"500\" height=\"400\" frameborder=\"0\"allowfullscreen webkitallowfullscreen msallowfullscreen><\/iframe><\/p>\n","protected":false},"excerpt":{"rendered":"<p>Apertura del programa \u00abGuetap\u00bb -17\/Julio- con Juan Gelman. Conducido por Reynaldo Sietecase en Radio Vorterix. Gotan Esa mujer se parec\u00eda a la palabra nunca, desde la nuca le sub\u00eda un encanto particular, una especie de olvido donde guardar los ojos, esa mujer se me instalaba en el costado izquierdo. Atenci\u00f3n atenci\u00f3n yo gritaba atenci\u00f3n pero [&hellip;]<\/p>\n","protected":false},"author":7,"featured_media":0,"comment_status":"open","ping_status":"open","sticky":false,"template":"","format":"standard","meta":{"footnotes":""},"categories":[665],"tags":[2418,2364,919],"class_list":["post-10153","post","type-post","status-publish","format-standard","hentry","category-vorterix","tag-gelman","tag-guetap","tag-sietecase"],"_links":{"self":[{"href":"https:\/\/archivosonoro.com.ar\/wordpress\/index.php?rest_route=\/wp\/v2\/posts\/10153","targetHints":{"allow":["GET"]}}],"collection":[{"href":"https:\/\/archivosonoro.com.ar\/wordpress\/index.php?rest_route=\/wp\/v2\/posts"}],"about":[{"href":"https:\/\/archivosonoro.com.ar\/wordpress\/index.php?rest_route=\/wp\/v2\/types\/post"}],"author":[{"embeddable":true,"href":"https:\/\/archivosonoro.com.ar\/wordpress\/index.php?rest_route=\/wp\/v2\/users\/7"}],"replies":[{"embeddable":true,"href":"https:\/\/archivosonoro.com.ar\/wordpress\/index.php?rest_route=%2Fwp%2Fv2%2Fcomments&post=10153"}],"version-history":[{"count":1,"href":"https:\/\/archivosonoro.com.ar\/wordpress\/index.php?rest_route=\/wp\/v2\/posts\/10153\/revisions"}],"predecessor-version":[{"id":10154,"href":"https:\/\/archivosonoro.com.ar\/wordpress\/index.php?rest_route=\/wp\/v2\/posts\/10153\/revisions\/10154"}],"wp:attachment":[{"href":"https:\/\/archivosonoro.com.ar\/wordpress\/index.php?rest_route=%2Fwp%2Fv2%2Fmedia&parent=10153"}],"wp:term":[{"taxonomy":"category","embeddable":true,"href":"https:\/\/archivosonoro.com.ar\/wordpress\/index.php?rest_route=%2Fwp%2Fv2%2Fcategories&post=10153"},{"taxonomy":"post_tag","embeddable":true,"href":"https:\/\/archivosonoro.com.ar\/wordpress\/index.php?rest_route=%2Fwp%2Fv2%2Ftags&post=10153"}],"curies":[{"name":"wp","href":"https:\/\/api.w.org\/{rel}","templated":true}]}}