{"id":10135,"date":"2014-07-15T08:30:16","date_gmt":"2014-07-15T11:30:16","guid":{"rendered":"http:\/\/archivosonoro.com.ar\/?p=10135"},"modified":"2014-07-15T08:30:16","modified_gmt":"2014-07-15T11:30:16","slug":"sucio-mal-vestido-de-roberto-bolano","status":"publish","type":"post","link":"https:\/\/archivosonoro.com.ar\/wordpress\/?p=10135","title":{"rendered":"\u00abSucio, mal vestido\u00bb de Roberto Bola\u00f1o"},"content":{"rendered":"<p>Apertura del programa \u00abGuetap\u00bb -15\/Julio- con Roberto Bola\u00f1o. Conducido por Reynaldo Sietecase en Radio Vorterix.<\/p>\n<p><strong>Sucio, mal vestido<\/strong><\/p>\n<p>En el camino de los perros mi alma encontr\u00f3<br \/>\na mi coraz\u00f3n. Destrozado, pero vivo,<br \/>\nsucio, mal vestido y lleno de amor.<br \/>\nEn el camino de los perros, all\u00ed donde no quiere ir nadie.<br \/>\nUn camino que s\u00f3lo recorren los poetas<br \/>\ncuando ya no les queda nada por hacer.<br \/>\n\u00a1Pero yo ten\u00eda tantas cosas que hacer todav\u00eda!<br \/>\nY sin embargo all\u00ed estaba: haci\u00e9ndome matar<br \/>\npor las hormigas rojas y tambi\u00e9n<br \/>\npor las hormigas negras, recorriendo las aldeas<br \/>\nvac\u00edas: el espanto que se elevaba<br \/>\nhasta tocar las estrellas.<br \/>\nUn chileno educado en M\u00e9xico lo puede soportar todo,<br \/>\npensaba, pero no era verdad.<br \/>\nPor las noches mi coraz\u00f3n lloraba. El r\u00edo del ser, dec\u00edan<br \/>\nunos labios afiebrados que luego descubr\u00ed eran los m\u00edos,<br \/>\nel r\u00edo del ser, el r\u00edo del ser, el \u00e9xtasis<br \/>\nque se pliega en la ribera de estas aldeas abandonadas.<br \/>\nSumulistas y te\u00f3logos, adivinadores<br \/>\ny salteadores de caminos emergieron<br \/>\ncomo realidades acu\u00e1ticas en medio de una realidad met\u00e1lica.<br \/>\nS\u00f3lo la fiebre y la poes\u00eda provocan visiones.<br \/>\nS\u00f3lo el amor y la memoria.<br \/>\nNo estos caminos ni estas llanuras.<br \/>\nNo estos laberintos.<br \/>\nHasta que por fin mi alma encontr\u00f3 a mi coraz\u00f3n.<br \/>\nEstaba enfermo, es cierto, pero estaba vivo.<\/p>\n<p><iframe loading=\"lazy\" src=\"https:\/\/app.box.com\/embed_widget\/s\/rx8um4sjwt3uk45zou5l?theme=blue\" width=\"500\" height=\"400\" frameborder=\"0\"allowfullscreen webkitallowfullscreen msallowfullscreen><\/iframe><\/p>\n","protected":false},"excerpt":{"rendered":"<p>Apertura del programa \u00abGuetap\u00bb -15\/Julio- con Roberto Bola\u00f1o. Conducido por Reynaldo Sietecase en Radio Vorterix. Sucio, mal vestido En el camino de los perros mi alma encontr\u00f3 a mi coraz\u00f3n. Destrozado, pero vivo, sucio, mal vestido y lleno de amor. En el camino de los perros, all\u00ed donde no quiere ir nadie. Un camino que [&hellip;]<\/p>\n","protected":false},"author":7,"featured_media":0,"comment_status":"open","ping_status":"open","sticky":false,"template":"","format":"standard","meta":{"footnotes":""},"categories":[665],"tags":[2429,2364,919],"class_list":["post-10135","post","type-post","status-publish","format-standard","hentry","category-vorterix","tag-bolano","tag-guetap","tag-sietecase"],"_links":{"self":[{"href":"https:\/\/archivosonoro.com.ar\/wordpress\/index.php?rest_route=\/wp\/v2\/posts\/10135","targetHints":{"allow":["GET"]}}],"collection":[{"href":"https:\/\/archivosonoro.com.ar\/wordpress\/index.php?rest_route=\/wp\/v2\/posts"}],"about":[{"href":"https:\/\/archivosonoro.com.ar\/wordpress\/index.php?rest_route=\/wp\/v2\/types\/post"}],"author":[{"embeddable":true,"href":"https:\/\/archivosonoro.com.ar\/wordpress\/index.php?rest_route=\/wp\/v2\/users\/7"}],"replies":[{"embeddable":true,"href":"https:\/\/archivosonoro.com.ar\/wordpress\/index.php?rest_route=%2Fwp%2Fv2%2Fcomments&post=10135"}],"version-history":[{"count":1,"href":"https:\/\/archivosonoro.com.ar\/wordpress\/index.php?rest_route=\/wp\/v2\/posts\/10135\/revisions"}],"predecessor-version":[{"id":10136,"href":"https:\/\/archivosonoro.com.ar\/wordpress\/index.php?rest_route=\/wp\/v2\/posts\/10135\/revisions\/10136"}],"wp:attachment":[{"href":"https:\/\/archivosonoro.com.ar\/wordpress\/index.php?rest_route=%2Fwp%2Fv2%2Fmedia&parent=10135"}],"wp:term":[{"taxonomy":"category","embeddable":true,"href":"https:\/\/archivosonoro.com.ar\/wordpress\/index.php?rest_route=%2Fwp%2Fv2%2Fcategories&post=10135"},{"taxonomy":"post_tag","embeddable":true,"href":"https:\/\/archivosonoro.com.ar\/wordpress\/index.php?rest_route=%2Fwp%2Fv2%2Ftags&post=10135"}],"curies":[{"name":"wp","href":"https:\/\/api.w.org\/{rel}","templated":true}]}}