{"id":10099,"date":"2014-07-09T10:55:20","date_gmt":"2014-07-09T13:55:20","guid":{"rendered":"http:\/\/archivosonoro.com.ar\/?p=10099"},"modified":"2014-07-09T10:55:20","modified_gmt":"2014-07-09T13:55:20","slug":"poema-de-siete-faces-por-carlos-drummond-de-andrade","status":"publish","type":"post","link":"https:\/\/archivosonoro.com.ar\/wordpress\/?p=10099","title":{"rendered":"\u00abPo\u00e9ma de Siete Faces\u00bb por Carlos Drummond de Andrade"},"content":{"rendered":"<p>Apertura del programa \u00abGuetap\u00bb -09\/Julio- con un po\u00e9ma de Carlos Drummond de Andrade. Conducido por Reynaldo Sietecase en Radio Vorterix.<\/p>\n<p><strong>Poema de Siete Faces<\/strong><\/p>\n<p>Cuando nac\u00ed, un \u00e1ngel tuerto<br \/>\nde esos que viven en la sombra<br \/>\ndijo: Ve Carlos, se torcido en la vida,<br \/>\ns\u00e9 distinto en la vida<\/p>\n<p>Las casas esp\u00edan a los hombres<br \/>\nque corren tras las mujeres.<br \/>\nLa tarde talvez fuese azul,<br \/>\nsi no hubiera tantos deseos.<\/p>\n<p>El tranv\u00eda pasa lleno de piernas:<br \/>\npiernas blancas negras amarillas.<br \/>\nPara qu\u00e9 tantas piernas, Dios m\u00edo, pregunta<br \/>\nmi coraz\u00f3n.<br \/>\nSin embargo mis ojos<br \/>\nno preguntan nada.<\/p>\n<p>El hombre detr\u00e1s del bigote<br \/>\nes serio, simple y fuerte.<br \/>\nCasi no conversa.<br \/>\nTiene pocos, escasos amigos<br \/>\nel hombre detr\u00e1s de los anteojos y del bigote.<\/p>\n<p>Dios m\u00edo, por qu\u00e9 me abandonaste<br \/>\nsi sab\u00edas que yo no era Dios<br \/>\nsi sab\u00edas que yo era d\u00e9bil.<\/p>\n<p>Mundo mundo vasto mundo,<br \/>\nsi yo me llamase Raimundo<br \/>\nser\u00eda una rima, no ser\u00eda una soluci\u00f3n.<br \/>\nMundo mundo vasto mundo<br \/>\nm\u00e1s vasto es mi coraz\u00f3n.<\/p>\n<p>No te lo deb\u00eda decir<br \/>\npero esa luna<br \/>\npero ese co\u00f1ac<br \/>\nlo dejan a uno conmovido como el diablo.-<\/p>\n<p><iframe loading=\"lazy\" src=\"https:\/\/app.box.com\/embed_widget\/s\/eb81uvru0mqay0k0wka9?theme=blue\" width=\"500\" height=\"400\" frameborder=\"0\"allowfullscreen webkitallowfullscreen msallowfullscreen><\/iframe><\/p>\n","protected":false},"excerpt":{"rendered":"<p>Apertura del programa \u00abGuetap\u00bb -09\/Julio- con un po\u00e9ma de Carlos Drummond de Andrade. Conducido por Reynaldo Sietecase en Radio Vorterix. Poema de Siete Faces Cuando nac\u00ed, un \u00e1ngel tuerto de esos que viven en la sombra dijo: Ve Carlos, se torcido en la vida, s\u00e9 distinto en la vida Las casas esp\u00edan a los hombres [&hellip;]<\/p>\n","protected":false},"author":7,"featured_media":0,"comment_status":"open","ping_status":"open","sticky":false,"template":"","format":"standard","meta":{"footnotes":""},"categories":[665],"tags":[2422,2364,919],"class_list":["post-10099","post","type-post","status-publish","format-standard","hentry","category-vorterix","tag-drummond","tag-guetap","tag-sietecase"],"_links":{"self":[{"href":"https:\/\/archivosonoro.com.ar\/wordpress\/index.php?rest_route=\/wp\/v2\/posts\/10099","targetHints":{"allow":["GET"]}}],"collection":[{"href":"https:\/\/archivosonoro.com.ar\/wordpress\/index.php?rest_route=\/wp\/v2\/posts"}],"about":[{"href":"https:\/\/archivosonoro.com.ar\/wordpress\/index.php?rest_route=\/wp\/v2\/types\/post"}],"author":[{"embeddable":true,"href":"https:\/\/archivosonoro.com.ar\/wordpress\/index.php?rest_route=\/wp\/v2\/users\/7"}],"replies":[{"embeddable":true,"href":"https:\/\/archivosonoro.com.ar\/wordpress\/index.php?rest_route=%2Fwp%2Fv2%2Fcomments&post=10099"}],"version-history":[{"count":1,"href":"https:\/\/archivosonoro.com.ar\/wordpress\/index.php?rest_route=\/wp\/v2\/posts\/10099\/revisions"}],"predecessor-version":[{"id":10100,"href":"https:\/\/archivosonoro.com.ar\/wordpress\/index.php?rest_route=\/wp\/v2\/posts\/10099\/revisions\/10100"}],"wp:attachment":[{"href":"https:\/\/archivosonoro.com.ar\/wordpress\/index.php?rest_route=%2Fwp%2Fv2%2Fmedia&parent=10099"}],"wp:term":[{"taxonomy":"category","embeddable":true,"href":"https:\/\/archivosonoro.com.ar\/wordpress\/index.php?rest_route=%2Fwp%2Fv2%2Fcategories&post=10099"},{"taxonomy":"post_tag","embeddable":true,"href":"https:\/\/archivosonoro.com.ar\/wordpress\/index.php?rest_route=%2Fwp%2Fv2%2Ftags&post=10099"}],"curies":[{"name":"wp","href":"https:\/\/api.w.org\/{rel}","templated":true}]}}