{"id":10077,"date":"2014-07-07T13:38:00","date_gmt":"2014-07-07T16:38:00","guid":{"rendered":"http:\/\/archivosonoro.com.ar\/?p=10077"},"modified":"2014-07-07T14:20:33","modified_gmt":"2014-07-07T17:20:33","slug":"las-declaraciones-que-ha-hecho-el-presidente-del-infuetur-son-mucho-mas-que-preocupantes","status":"publish","type":"post","link":"https:\/\/archivosonoro.com.ar\/wordpress\/?p=10077","title":{"rendered":"\u00abLas declaraciones que ha hecho el Presidente del INFUETUR son mucho m\u00e1s que preocupantes\u00bb"},"content":{"rendered":"<p>El Legislador por el PJ, Eduardo Barrientos, manifest\u00f3 en una entrevista: \u00abLo \u00fanico que falta en que venga Neustad a Tierra del Fuego a decirnos que Do\u00f1a Rosa quiere que sus hijos vayan a la aerosilla y que los privados la tengan explot\u00e1ndola, porque eso le va a garantizar a Do\u00f1a Rosa tener la aerosilla funcionando\u00bb.<\/p>\n<p><iframe loading=\"lazy\" src=\"https:\/\/app.box.com\/embed_widget\/s\/1uqbfhbrxnzrzk7gzmm1?theme=blue\" width=\"500\" height=\"400\" frameborder=\"0\"allowfullscreen webkitallowfullscreen msallowfullscreen><\/iframe><\/p>\n","protected":false},"excerpt":{"rendered":"<p>El Legislador por el PJ, Eduardo Barrientos, manifest\u00f3 en una entrevista: \u00abLo \u00fanico que falta en que venga Neustad a Tierra del Fuego a decirnos que Do\u00f1a Rosa quiere que sus hijos vayan a la aerosilla y que los privados la tengan explot\u00e1ndola, porque eso le va a garantizar a Do\u00f1a Rosa tener la aerosilla [&hellip;]<\/p>\n","protected":false},"author":7,"featured_media":0,"comment_status":"open","ping_status":"open","sticky":false,"template":"","format":"standard","meta":{"footnotes":""},"categories":[3],"tags":[69],"class_list":["post-10077","post","type-post","status-publish","format-standard","hentry","category-radio-provincia","tag-barrientos"],"_links":{"self":[{"href":"https:\/\/archivosonoro.com.ar\/wordpress\/index.php?rest_route=\/wp\/v2\/posts\/10077","targetHints":{"allow":["GET"]}}],"collection":[{"href":"https:\/\/archivosonoro.com.ar\/wordpress\/index.php?rest_route=\/wp\/v2\/posts"}],"about":[{"href":"https:\/\/archivosonoro.com.ar\/wordpress\/index.php?rest_route=\/wp\/v2\/types\/post"}],"author":[{"embeddable":true,"href":"https:\/\/archivosonoro.com.ar\/wordpress\/index.php?rest_route=\/wp\/v2\/users\/7"}],"replies":[{"embeddable":true,"href":"https:\/\/archivosonoro.com.ar\/wordpress\/index.php?rest_route=%2Fwp%2Fv2%2Fcomments&post=10077"}],"version-history":[{"count":6,"href":"https:\/\/archivosonoro.com.ar\/wordpress\/index.php?rest_route=\/wp\/v2\/posts\/10077\/revisions"}],"predecessor-version":[{"id":10085,"href":"https:\/\/archivosonoro.com.ar\/wordpress\/index.php?rest_route=\/wp\/v2\/posts\/10077\/revisions\/10085"}],"wp:attachment":[{"href":"https:\/\/archivosonoro.com.ar\/wordpress\/index.php?rest_route=%2Fwp%2Fv2%2Fmedia&parent=10077"}],"wp:term":[{"taxonomy":"category","embeddable":true,"href":"https:\/\/archivosonoro.com.ar\/wordpress\/index.php?rest_route=%2Fwp%2Fv2%2Fcategories&post=10077"},{"taxonomy":"post_tag","embeddable":true,"href":"https:\/\/archivosonoro.com.ar\/wordpress\/index.php?rest_route=%2Fwp%2Fv2%2Ftags&post=10077"}],"curies":[{"name":"wp","href":"https:\/\/api.w.org\/{rel}","templated":true}]}}