{"id":10066,"date":"2014-07-07T08:17:59","date_gmt":"2014-07-07T11:17:59","guid":{"rendered":"http:\/\/archivosonoro.com.ar\/?p=10066"},"modified":"2014-07-07T08:17:59","modified_gmt":"2014-07-07T11:17:59","slug":"setenta-balcones-y-ninguna-flor-de-baldomero-f-moreno","status":"publish","type":"post","link":"https:\/\/archivosonoro.com.ar\/wordpress\/?p=10066","title":{"rendered":"\u00abSetenta balcones y ninguna flor\u00bb de Baldomero F. Moreno"},"content":{"rendered":"<p>Apertura del programa \u00abGuetap\u00bb -07\/Julio- con un po\u00e9ma de Baldomer F. Moreno. Conducido por Reynaldo Sietecase en Radio Vorterix.<\/p>\n<p>Setenta balcones hay en esta casa,<br \/>\nsetenta balcones y ninguna flor.<br \/>\n\u00bfA sus habitantes, Se\u00f1or, qu\u00e9 les pasa?<br \/>\n\u00bfOdian el perfume, odian el color?<\/p>\n<p>La piedra desnuda de tristeza agobia,<br \/>\n\u00a1Dan una tristeza los negros balcones!<br \/>\n\u00bfNo hay en esta casa una ni\u00f1a novia?<br \/>\n\u00bfNo hay alg\u00fan poeta bobo de ilusiones?<\/p>\n<p>\u00bfNinguno desea ver tras los cristales<br \/>\nuna diminuta copia de jard\u00edn?<br \/>\n\u00bfEn la piedra blanca trepar los rosales,<br \/>\nen los hierros negros abrirse un jazm\u00edn?<\/p>\n<p>Si no aman las plantas no amar\u00e1n el ave,<br \/>\nno sabr\u00e1n de m\u00fasica, de rimas, de amor.<br \/>\nNunca se oir\u00e1 un beso, jam\u00e1s se oir\u00e1 una clave&#8230;<\/p>\n<p>\u00a1Setenta balcones y ninguna flor!<\/p>\n<p><iframe loading=\"lazy\" src=\"https:\/\/app.box.com\/embed_widget\/s\/mavrp9psvhhqh7ur0z7j?theme=blue\" width=\"500\" height=\"400\" frameborder=\"0\"allowfullscreen webkitallowfullscreen msallowfullscreen><\/iframe><\/p>\n","protected":false},"excerpt":{"rendered":"<p>Apertura del programa \u00abGuetap\u00bb -07\/Julio- con un po\u00e9ma de Baldomer F. Moreno. Conducido por Reynaldo Sietecase en Radio Vorterix. Setenta balcones hay en esta casa, setenta balcones y ninguna flor. \u00bfA sus habitantes, Se\u00f1or, qu\u00e9 les pasa? \u00bfOdian el perfume, odian el color? La piedra desnuda de tristeza agobia, \u00a1Dan una tristeza los negros balcones! [&hellip;]<\/p>\n","protected":false},"author":7,"featured_media":0,"comment_status":"open","ping_status":"open","sticky":false,"template":"","format":"standard","meta":{"footnotes":""},"categories":[665],"tags":[2417,2364,919],"class_list":["post-10066","post","type-post","status-publish","format-standard","hentry","category-vorterix","tag-baldomero","tag-guetap","tag-sietecase"],"_links":{"self":[{"href":"https:\/\/archivosonoro.com.ar\/wordpress\/index.php?rest_route=\/wp\/v2\/posts\/10066","targetHints":{"allow":["GET"]}}],"collection":[{"href":"https:\/\/archivosonoro.com.ar\/wordpress\/index.php?rest_route=\/wp\/v2\/posts"}],"about":[{"href":"https:\/\/archivosonoro.com.ar\/wordpress\/index.php?rest_route=\/wp\/v2\/types\/post"}],"author":[{"embeddable":true,"href":"https:\/\/archivosonoro.com.ar\/wordpress\/index.php?rest_route=\/wp\/v2\/users\/7"}],"replies":[{"embeddable":true,"href":"https:\/\/archivosonoro.com.ar\/wordpress\/index.php?rest_route=%2Fwp%2Fv2%2Fcomments&post=10066"}],"version-history":[{"count":1,"href":"https:\/\/archivosonoro.com.ar\/wordpress\/index.php?rest_route=\/wp\/v2\/posts\/10066\/revisions"}],"predecessor-version":[{"id":10067,"href":"https:\/\/archivosonoro.com.ar\/wordpress\/index.php?rest_route=\/wp\/v2\/posts\/10066\/revisions\/10067"}],"wp:attachment":[{"href":"https:\/\/archivosonoro.com.ar\/wordpress\/index.php?rest_route=%2Fwp%2Fv2%2Fmedia&parent=10066"}],"wp:term":[{"taxonomy":"category","embeddable":true,"href":"https:\/\/archivosonoro.com.ar\/wordpress\/index.php?rest_route=%2Fwp%2Fv2%2Fcategories&post=10066"},{"taxonomy":"post_tag","embeddable":true,"href":"https:\/\/archivosonoro.com.ar\/wordpress\/index.php?rest_route=%2Fwp%2Fv2%2Ftags&post=10066"}],"curies":[{"name":"wp","href":"https:\/\/api.w.org\/{rel}","templated":true}]}}