{"id":10000,"date":"2014-06-25T08:11:12","date_gmt":"2014-06-25T11:11:12","guid":{"rendered":"http:\/\/archivosonoro.com.ar\/?p=10000"},"modified":"2014-06-25T08:11:12","modified_gmt":"2014-06-25T11:11:12","slug":"creo-yo-que-sergio-massa-es-la-persona-que-lleva-adelante-todos-los-proyectos-de-tdf","status":"publish","type":"post","link":"https:\/\/archivosonoro.com.ar\/wordpress\/?p=10000","title":{"rendered":"\u00abCreo yo que Sergio Massa es la persona que lleva adelante todos los proyectos de TDF\u00bb"},"content":{"rendered":"<p>As\u00ed dijo el Legislador por el MPF, Jorge Lechman.<br \/>\nLuego de la reuni\u00f3n mantenida con el Fiscal J. Soria y otros legisladores, Lechman fue consultado por FMAtl\u00e1ntica sobre los resultados de la misma en la que el tema fu\u00e9 la desfederalizaci\u00f3n del narcotr\u00e1fico y, a continuaci\u00f3n, su postura sobre Sergio Massa.<\/p>\n<p><iframe loading=\"lazy\" src=\"https:\/\/app.box.com\/embed_widget\/ndhgen9js9ky\/s\/k502apx37u8gt2jlubjt?view=list&#038;sort=name&#038;direction=ASC&#038;theme=blue\" width=\"500\" height=\"400\" frameborder=\"0\" allowfullscreen webkitallowfullscreen mozallowfullscreen oallowfullscreen msallowfullscreen><\/iframe><\/p>\n","protected":false},"excerpt":{"rendered":"<p>As\u00ed dijo el Legislador por el MPF, Jorge Lechman. Luego de la reuni\u00f3n mantenida con el Fiscal J. Soria y otros legisladores, Lechman fue consultado por FMAtl\u00e1ntica sobre los resultados de la misma en la que el tema fu\u00e9 la desfederalizaci\u00f3n del narcotr\u00e1fico y, a continuaci\u00f3n, su postura sobre Sergio Massa.<\/p>\n","protected":false},"author":7,"featured_media":0,"comment_status":"open","ping_status":"open","sticky":false,"template":"","format":"standard","meta":{"footnotes":""},"categories":[2411],"tags":[499,2322,2110,554],"class_list":["post-10000","post","type-post","status-publish","format-standard","hentry","category-fmatlantica","tag-lechman","tag-massa","tag-narcotrafico","tag-soria"],"_links":{"self":[{"href":"https:\/\/archivosonoro.com.ar\/wordpress\/index.php?rest_route=\/wp\/v2\/posts\/10000","targetHints":{"allow":["GET"]}}],"collection":[{"href":"https:\/\/archivosonoro.com.ar\/wordpress\/index.php?rest_route=\/wp\/v2\/posts"}],"about":[{"href":"https:\/\/archivosonoro.com.ar\/wordpress\/index.php?rest_route=\/wp\/v2\/types\/post"}],"author":[{"embeddable":true,"href":"https:\/\/archivosonoro.com.ar\/wordpress\/index.php?rest_route=\/wp\/v2\/users\/7"}],"replies":[{"embeddable":true,"href":"https:\/\/archivosonoro.com.ar\/wordpress\/index.php?rest_route=%2Fwp%2Fv2%2Fcomments&post=10000"}],"version-history":[{"count":1,"href":"https:\/\/archivosonoro.com.ar\/wordpress\/index.php?rest_route=\/wp\/v2\/posts\/10000\/revisions"}],"predecessor-version":[{"id":10001,"href":"https:\/\/archivosonoro.com.ar\/wordpress\/index.php?rest_route=\/wp\/v2\/posts\/10000\/revisions\/10001"}],"wp:attachment":[{"href":"https:\/\/archivosonoro.com.ar\/wordpress\/index.php?rest_route=%2Fwp%2Fv2%2Fmedia&parent=10000"}],"wp:term":[{"taxonomy":"category","embeddable":true,"href":"https:\/\/archivosonoro.com.ar\/wordpress\/index.php?rest_route=%2Fwp%2Fv2%2Fcategories&post=10000"},{"taxonomy":"post_tag","embeddable":true,"href":"https:\/\/archivosonoro.com.ar\/wordpress\/index.php?rest_route=%2Fwp%2Fv2%2Ftags&post=10000"}],"curies":[{"name":"wp","href":"https:\/\/api.w.org\/{rel}","templated":true}]}}